{"id":627,"date":"2014-02-08T21:42:06","date_gmt":"2014-02-08T20:42:06","guid":{"rendered":"http:\/\/kiube.se\/x052\/?p=627"},"modified":"2014-02-08T21:42:06","modified_gmt":"2014-02-08T20:42:06","slug":"friggebod-med-tak-av-solceller","status":"publish","type":"post","link":"https:\/\/kiube.se\/x052\/627\/","title":{"rendered":"Friggebod med tak av solceller"},"content":{"rendered":"<p><a href=\"https:\/\/i0.wp.com\/s3.eu-north-1.amazonaws.com\/kiube.se\/wp-content\/uploads\/sites\/7\/2014\/02\/26153605\/18858892159592264_lq9FwKwi_f.jpg\"><img data-recalc-dims=\"1\" loading=\"lazy\" decoding=\"async\" data-attachment-id=\"628\" data-permalink=\"https:\/\/kiube.se\/x052\/627\/18858892159592264_lq9fwkwi_f\/#main\" data-orig-file=\"https:\/\/i0.wp.com\/s3.eu-north-1.amazonaws.com\/kiube.se\/wp-content\/uploads\/sites\/7\/2014\/02\/26153605\/18858892159592264_lq9FwKwi_f.jpg?fit=600%2C600&amp;ssl=1\" data-orig-size=\"600,600\" data-comments-opened=\"1\" data-image-meta=\"{&quot;aperture&quot;:&quot;0&quot;,&quot;credit&quot;:&quot;&quot;,&quot;camera&quot;:&quot;&quot;,&quot;caption&quot;:&quot;&quot;,&quot;created_timestamp&quot;:&quot;0&quot;,&quot;copyright&quot;:&quot;&quot;,&quot;focal_length&quot;:&quot;0&quot;,&quot;iso&quot;:&quot;0&quot;,&quot;shutter_speed&quot;:&quot;0&quot;,&quot;title&quot;:&quot;&quot;}\" data-image-title=\"18858892159592264_lq9FwKwi_f\" data-image-description=\"\" data-image-caption=\"\" data-large-file=\"https:\/\/i0.wp.com\/s3.eu-north-1.amazonaws.com\/kiube.se\/wp-content\/uploads\/sites\/7\/2014\/02\/26153605\/18858892159592264_lq9FwKwi_f.jpg?fit=600%2C600&amp;ssl=1\" class=\"alignnone size-full wp-image-628\" alt=\"18858892159592264_lq9FwKwi_f\" src=\"https:\/\/i0.wp.com\/s3.eu-north-1.amazonaws.com\/kiube.se\/wp-content\/uploads\/sites\/7\/2014\/02\/26153605\/18858892159592264_lq9FwKwi_f.jpg?resize=600%2C600\" width=\"600\" height=\"600\" srcset=\"https:\/\/s3.eu-north-1.amazonaws.com\/kiube.se\/wp-content\/uploads\/sites\/7\/2014\/02\/26153605\/18858892159592264_lq9FwKwi_f.jpg 600w, https:\/\/s3.eu-north-1.amazonaws.com\/kiube.se\/wp-content\/uploads\/sites\/7\/2014\/02\/26153605\/18858892159592264_lq9FwKwi_f.jpg 150w, https:\/\/s3.eu-north-1.amazonaws.com\/kiube.se\/wp-content\/uploads\/sites\/7\/2014\/02\/26153605\/18858892159592264_lq9FwKwi_f.jpg 300w\" sizes=\"auto, (max-width: 600px) 100vw, 600px\" \/><\/a><\/p>\n<p>Taklutning 60 grader mot s\u00f6der perfekt f\u00f6r solceller<\/p>\n<p>&nbsp;<\/p>\n<p>&nbsp;<\/p>\n","protected":false},"excerpt":{"rendered":"<p>Taklutning 60 grader mot s\u00f6der perfekt f\u00f6r solceller &nbsp; &nbsp;<\/p>\n","protected":false},"author":1,"featured_media":0,"comment_status":"open","ping_status":"open","sticky":false,"template":"","format":"standard","meta":{"jetpack_post_was_ever_published":false,"footnotes":""},"categories":[3],"tags":[51,50,49],"class_list":["post-627","post","type-post","status-publish","format-standard","hentry","category-ide","tag-boende","tag-energikasett","tag-friggebod"],"yoast_head":"<!-- This site is optimized with the Yoast SEO plugin v27.5 - https:\/\/yoast.com\/product\/yoast-seo-wordpress\/ -->\n<title>Friggebod med tak av solceller - Husboken Bj\u00f6rkv\u00e4gen 3<\/title>\n<meta name=\"robots\" content=\"index, follow, max-snippet:-1, max-image-preview:large, max-video-preview:-1\" \/>\n<link rel=\"canonical\" href=\"https:\/\/kiube.se\/x052\/627\/\" \/>\n<meta property=\"og:locale\" content=\"sv_SE\" \/>\n<meta property=\"og:type\" content=\"article\" \/>\n<meta property=\"og:title\" content=\"Friggebod med tak av solceller - Husboken Bj\u00f6rkv\u00e4gen 3\" \/>\n<meta property=\"og:description\" content=\"Taklutning 60 grader mot s\u00f6der perfekt f\u00f6r solceller &nbsp; &nbsp;\" \/>\n<meta property=\"og:url\" content=\"https:\/\/kiube.se\/x052\/627\/\" \/>\n<meta property=\"og:site_name\" content=\"Husboken Bj\u00f6rkv\u00e4gen 3\" \/>\n<meta property=\"article:published_time\" content=\"2014-02-08T20:42:06+00:00\" \/>\n<meta property=\"og:image\" content=\"http:\/\/kiube.se\/x052\/files\/2014\/02\/18858892159592264_lq9FwKwi_f.jpg\" \/>\n<meta name=\"author\" content=\"Lars privat\" \/>\n<meta name=\"twitter:card\" content=\"summary_large_image\" \/>\n<meta name=\"twitter:label1\" content=\"Skriven av\" \/>\n\t<meta name=\"twitter:data1\" content=\"Lars privat\" \/>\n<script type=\"application\/ld+json\" class=\"yoast-schema-graph\">{\"@context\":\"https:\\\/\\\/schema.org\",\"@graph\":[{\"@type\":\"Article\",\"@id\":\"https:\\\/\\\/kiube.se\\\/x052\\\/627\\\/#article\",\"isPartOf\":{\"@id\":\"https:\\\/\\\/kiube.se\\\/x052\\\/627\\\/\"},\"author\":{\"name\":\"Lars privat\",\"@id\":\"http:\\\/\\\/kiube.se\\\/x052\\\/#\\\/schema\\\/person\\\/323c6c5c4020c0c860aa2bfa789bbf64\"},\"headline\":\"Friggebod med tak av solceller\",\"datePublished\":\"2014-02-08T20:42:06+00:00\",\"mainEntityOfPage\":{\"@id\":\"https:\\\/\\\/kiube.se\\\/x052\\\/627\\\/\"},\"wordCount\":16,\"commentCount\":0,\"image\":{\"@id\":\"https:\\\/\\\/kiube.se\\\/x052\\\/627\\\/#primaryimage\"},\"thumbnailUrl\":\"http:\\\/\\\/kiube.se\\\/x052\\\/files\\\/2014\\\/02\\\/18858892159592264_lq9FwKwi_f.jpg\",\"keywords\":[\"boende\",\"energikasett\",\"friggebod\"],\"articleSection\":[\"Id\u00e9\"],\"inLanguage\":\"sv-SE\",\"potentialAction\":[{\"@type\":\"CommentAction\",\"name\":\"Comment\",\"target\":[\"https:\\\/\\\/kiube.se\\\/x052\\\/627\\\/#respond\"]}]},{\"@type\":\"WebPage\",\"@id\":\"https:\\\/\\\/kiube.se\\\/x052\\\/627\\\/\",\"url\":\"https:\\\/\\\/kiube.se\\\/x052\\\/627\\\/\",\"name\":\"Friggebod med tak av solceller - Husboken Bj\u00f6rkv\u00e4gen 3\",\"isPartOf\":{\"@id\":\"http:\\\/\\\/kiube.se\\\/x052\\\/#website\"},\"primaryImageOfPage\":{\"@id\":\"https:\\\/\\\/kiube.se\\\/x052\\\/627\\\/#primaryimage\"},\"image\":{\"@id\":\"https:\\\/\\\/kiube.se\\\/x052\\\/627\\\/#primaryimage\"},\"thumbnailUrl\":\"http:\\\/\\\/kiube.se\\\/x052\\\/files\\\/2014\\\/02\\\/18858892159592264_lq9FwKwi_f.jpg\",\"datePublished\":\"2014-02-08T20:42:06+00:00\",\"author\":{\"@id\":\"http:\\\/\\\/kiube.se\\\/x052\\\/#\\\/schema\\\/person\\\/323c6c5c4020c0c860aa2bfa789bbf64\"},\"breadcrumb\":{\"@id\":\"https:\\\/\\\/kiube.se\\\/x052\\\/627\\\/#breadcrumb\"},\"inLanguage\":\"sv-SE\",\"potentialAction\":[{\"@type\":\"ReadAction\",\"target\":[\"https:\\\/\\\/kiube.se\\\/x052\\\/627\\\/\"]}]},{\"@type\":\"ImageObject\",\"inLanguage\":\"sv-SE\",\"@id\":\"https:\\\/\\\/kiube.se\\\/x052\\\/627\\\/#primaryimage\",\"url\":\"https:\\\/\\\/i0.wp.com\\\/s3.eu-north-1.amazonaws.com\\\/kiube.se\\\/wp-content\\\/uploads\\\/sites\\\/7\\\/2014\\\/02\\\/26153605\\\/18858892159592264_lq9FwKwi_f.jpg?fit=600%2C600&ssl=1\",\"contentUrl\":\"https:\\\/\\\/i0.wp.com\\\/s3.eu-north-1.amazonaws.com\\\/kiube.se\\\/wp-content\\\/uploads\\\/sites\\\/7\\\/2014\\\/02\\\/26153605\\\/18858892159592264_lq9FwKwi_f.jpg?fit=600%2C600&ssl=1\",\"width\":600,\"height\":600},{\"@type\":\"BreadcrumbList\",\"@id\":\"https:\\\/\\\/kiube.se\\\/x052\\\/627\\\/#breadcrumb\",\"itemListElement\":[{\"@type\":\"ListItem\",\"position\":1,\"name\":\"Hem\",\"item\":\"http:\\\/\\\/kiube.se\\\/x052\\\/\"},{\"@type\":\"ListItem\",\"position\":2,\"name\":\"Friggebod med tak av solceller\"}]},{\"@type\":\"WebSite\",\"@id\":\"http:\\\/\\\/kiube.se\\\/x052\\\/#website\",\"url\":\"http:\\\/\\\/kiube.se\\\/x052\\\/\",\"name\":\"Husboken Bj\u00f6rkv\u00e4gen 3\",\"description\":\"Min support\",\"potentialAction\":[{\"@type\":\"SearchAction\",\"target\":{\"@type\":\"EntryPoint\",\"urlTemplate\":\"http:\\\/\\\/kiube.se\\\/x052\\\/?s={search_term_string}\"},\"query-input\":{\"@type\":\"PropertyValueSpecification\",\"valueRequired\":true,\"valueName\":\"search_term_string\"}}],\"inLanguage\":\"sv-SE\"},{\"@type\":\"Person\",\"@id\":\"http:\\\/\\\/kiube.se\\\/x052\\\/#\\\/schema\\\/person\\\/323c6c5c4020c0c860aa2bfa789bbf64\",\"name\":\"Lars privat\",\"image\":{\"@type\":\"ImageObject\",\"inLanguage\":\"sv-SE\",\"@id\":\"https:\\\/\\\/secure.gravatar.com\\\/avatar\\\/2583e557351f4211af4c3a5ad7f85f48cb4bf93e1b9d77aec0542a54d5d4952e?s=96&d=mm&r=g\",\"url\":\"https:\\\/\\\/secure.gravatar.com\\\/avatar\\\/2583e557351f4211af4c3a5ad7f85f48cb4bf93e1b9d77aec0542a54d5d4952e?s=96&d=mm&r=g\",\"contentUrl\":\"https:\\\/\\\/secure.gravatar.com\\\/avatar\\\/2583e557351f4211af4c3a5ad7f85f48cb4bf93e1b9d77aec0542a54d5d4952e?s=96&d=mm&r=g\",\"caption\":\"Lars privat\"},\"description\":\"To change the world is hard, d\u00e4rf\u00f6r har jag tagit p\u00e5 en lite mindre utmaning n\u00e4mligen att skapa ett habitat, en plats med tolerans mot umbiuity, en plats att m\u00f6tas, l\u00e4ra och inspirera varandra.\",\"sameAs\":[\"http:\\\/\\\/www.facebook.com\\\/profile.php?id=660989027\"],\"url\":\"https:\\\/\\\/kiube.se\\\/x052\\\/author\\\/jido\\\/\"}]}<\/script>\n<!-- \/ Yoast SEO plugin. -->","yoast_head_json":{"title":"Friggebod med tak av solceller - Husboken Bj\u00f6rkv\u00e4gen 3","robots":{"index":"index","follow":"follow","max-snippet":"max-snippet:-1","max-image-preview":"max-image-preview:large","max-video-preview":"max-video-preview:-1"},"canonical":"https:\/\/kiube.se\/x052\/627\/","og_locale":"sv_SE","og_type":"article","og_title":"Friggebod med tak av solceller - Husboken Bj\u00f6rkv\u00e4gen 3","og_description":"Taklutning 60 grader mot s\u00f6der perfekt f\u00f6r solceller &nbsp; &nbsp;","og_url":"https:\/\/kiube.se\/x052\/627\/","og_site_name":"Husboken Bj\u00f6rkv\u00e4gen 3","article_published_time":"2014-02-08T20:42:06+00:00","og_image":[{"url":"http:\/\/kiube.se\/x052\/files\/2014\/02\/18858892159592264_lq9FwKwi_f.jpg","type":"","width":"","height":""}],"author":"Lars privat","twitter_card":"summary_large_image","twitter_misc":{"Skriven av":"Lars privat"},"schema":{"@context":"https:\/\/schema.org","@graph":[{"@type":"Article","@id":"https:\/\/kiube.se\/x052\/627\/#article","isPartOf":{"@id":"https:\/\/kiube.se\/x052\/627\/"},"author":{"name":"Lars privat","@id":"http:\/\/kiube.se\/x052\/#\/schema\/person\/323c6c5c4020c0c860aa2bfa789bbf64"},"headline":"Friggebod med tak av solceller","datePublished":"2014-02-08T20:42:06+00:00","mainEntityOfPage":{"@id":"https:\/\/kiube.se\/x052\/627\/"},"wordCount":16,"commentCount":0,"image":{"@id":"https:\/\/kiube.se\/x052\/627\/#primaryimage"},"thumbnailUrl":"http:\/\/kiube.se\/x052\/files\/2014\/02\/18858892159592264_lq9FwKwi_f.jpg","keywords":["boende","energikasett","friggebod"],"articleSection":["Id\u00e9"],"inLanguage":"sv-SE","potentialAction":[{"@type":"CommentAction","name":"Comment","target":["https:\/\/kiube.se\/x052\/627\/#respond"]}]},{"@type":"WebPage","@id":"https:\/\/kiube.se\/x052\/627\/","url":"https:\/\/kiube.se\/x052\/627\/","name":"Friggebod med tak av solceller - Husboken Bj\u00f6rkv\u00e4gen 3","isPartOf":{"@id":"http:\/\/kiube.se\/x052\/#website"},"primaryImageOfPage":{"@id":"https:\/\/kiube.se\/x052\/627\/#primaryimage"},"image":{"@id":"https:\/\/kiube.se\/x052\/627\/#primaryimage"},"thumbnailUrl":"http:\/\/kiube.se\/x052\/files\/2014\/02\/18858892159592264_lq9FwKwi_f.jpg","datePublished":"2014-02-08T20:42:06+00:00","author":{"@id":"http:\/\/kiube.se\/x052\/#\/schema\/person\/323c6c5c4020c0c860aa2bfa789bbf64"},"breadcrumb":{"@id":"https:\/\/kiube.se\/x052\/627\/#breadcrumb"},"inLanguage":"sv-SE","potentialAction":[{"@type":"ReadAction","target":["https:\/\/kiube.se\/x052\/627\/"]}]},{"@type":"ImageObject","inLanguage":"sv-SE","@id":"https:\/\/kiube.se\/x052\/627\/#primaryimage","url":"https:\/\/i0.wp.com\/s3.eu-north-1.amazonaws.com\/kiube.se\/wp-content\/uploads\/sites\/7\/2014\/02\/26153605\/18858892159592264_lq9FwKwi_f.jpg?fit=600%2C600&ssl=1","contentUrl":"https:\/\/i0.wp.com\/s3.eu-north-1.amazonaws.com\/kiube.se\/wp-content\/uploads\/sites\/7\/2014\/02\/26153605\/18858892159592264_lq9FwKwi_f.jpg?fit=600%2C600&ssl=1","width":600,"height":600},{"@type":"BreadcrumbList","@id":"https:\/\/kiube.se\/x052\/627\/#breadcrumb","itemListElement":[{"@type":"ListItem","position":1,"name":"Hem","item":"http:\/\/kiube.se\/x052\/"},{"@type":"ListItem","position":2,"name":"Friggebod med tak av solceller"}]},{"@type":"WebSite","@id":"http:\/\/kiube.se\/x052\/#website","url":"http:\/\/kiube.se\/x052\/","name":"Husboken Bj\u00f6rkv\u00e4gen 3","description":"Min support","potentialAction":[{"@type":"SearchAction","target":{"@type":"EntryPoint","urlTemplate":"http:\/\/kiube.se\/x052\/?s={search_term_string}"},"query-input":{"@type":"PropertyValueSpecification","valueRequired":true,"valueName":"search_term_string"}}],"inLanguage":"sv-SE"},{"@type":"Person","@id":"http:\/\/kiube.se\/x052\/#\/schema\/person\/323c6c5c4020c0c860aa2bfa789bbf64","name":"Lars privat","image":{"@type":"ImageObject","inLanguage":"sv-SE","@id":"https:\/\/secure.gravatar.com\/avatar\/2583e557351f4211af4c3a5ad7f85f48cb4bf93e1b9d77aec0542a54d5d4952e?s=96&d=mm&r=g","url":"https:\/\/secure.gravatar.com\/avatar\/2583e557351f4211af4c3a5ad7f85f48cb4bf93e1b9d77aec0542a54d5d4952e?s=96&d=mm&r=g","contentUrl":"https:\/\/secure.gravatar.com\/avatar\/2583e557351f4211af4c3a5ad7f85f48cb4bf93e1b9d77aec0542a54d5d4952e?s=96&d=mm&r=g","caption":"Lars privat"},"description":"To change the world is hard, d\u00e4rf\u00f6r har jag tagit p\u00e5 en lite mindre utmaning n\u00e4mligen att skapa ett habitat, en plats med tolerans mot umbiuity, en plats att m\u00f6tas, l\u00e4ra och inspirera varandra.","sameAs":["http:\/\/www.facebook.com\/profile.php?id=660989027"],"url":"https:\/\/kiube.se\/x052\/author\/jido\/"}]}},"jetpack_featured_media_url":"","jetpack_shortlink":"https:\/\/wp.me\/p1Gn8d-a7","jetpack-related-posts":[],"_links":{"self":[{"href":"https:\/\/kiube.se\/x052\/wp-json\/wp\/v2\/posts\/627","targetHints":{"allow":["GET"]}}],"collection":[{"href":"https:\/\/kiube.se\/x052\/wp-json\/wp\/v2\/posts"}],"about":[{"href":"https:\/\/kiube.se\/x052\/wp-json\/wp\/v2\/types\/post"}],"author":[{"embeddable":true,"href":"https:\/\/kiube.se\/x052\/wp-json\/wp\/v2\/users\/1"}],"replies":[{"embeddable":true,"href":"https:\/\/kiube.se\/x052\/wp-json\/wp\/v2\/comments?post=627"}],"version-history":[{"count":0,"href":"https:\/\/kiube.se\/x052\/wp-json\/wp\/v2\/posts\/627\/revisions"}],"wp:attachment":[{"href":"https:\/\/kiube.se\/x052\/wp-json\/wp\/v2\/media?parent=627"}],"wp:term":[{"taxonomy":"category","embeddable":true,"href":"https:\/\/kiube.se\/x052\/wp-json\/wp\/v2\/categories?post=627"},{"taxonomy":"post_tag","embeddable":true,"href":"https:\/\/kiube.se\/x052\/wp-json\/wp\/v2\/tags?post=627"}],"curies":[{"name":"wp","href":"https:\/\/api.w.org\/{rel}","templated":true}]}}