{"id":6648,"date":"2019-12-20T16:13:28","date_gmt":"2019-12-20T15:13:28","guid":{"rendered":"https:\/\/kiube.se\/projekt\/?p=6648"},"modified":"2019-12-20T16:34:04","modified_gmt":"2019-12-20T15:34:04","slug":"6648","status":"publish","type":"post","link":"https:\/\/kiube.se\/projekt\/6648","title":{"rendered":"Ans\u00f6kan mottagen av Trafikerket"},"content":{"rendered":"<p class=\"aLF-aPX-K0-aPE\"><em>Ans\u00f6kan mottagen av trafikverket.Enlig Ida, s\u00e5 har de f\u00e5tt m\u00e5nga ans\u00f6kningar och de tar alla i turordning, s\u00e5 vi f\u00e5r beska i Januari eller i Februari.<\/em><\/p>\n<pre>Hej! Vi har tagit emot ditt \u00e4rende om \"Ans\u00f6kan om projektbidrag till ideella f\u00f6reningar 2020 - Klimatcykel - Aktiva transporter f\u00f6r en h\u00e4lsosam vardag med energi fr\u00e5n solen\" och det har f\u00e5tt \u00e4rendenummer TRV 2019\/139337. Vi svarar p\u00e5 ditt \u00e4rende s\u00e5 snart som m\u00f6jligt. Med v\u00e4nliga h\u00e4lsningar Diariecenter Trafikverket www.trafikverket.se Telefon: 0771-921 921 trafikverket@trafikverket.se<\/pre>\n<hr \/>\n<pre class=\"aLF-aPX-K0-aPE\">Hej!    \r\nVi har tagit emot ditt \u00e4rende om \"Ans\u00f6kan om projektbidrag till ideella f\u00f6reningar 2020 - Klimatcykel - Aktiva transporter f\u00f6r en h\u00e4lsosam vardag med energi fr\u00e5n solen\"  och det har f\u00e5tt \u00e4rendenummer TRV 2019\/139337.  \r\nVi svarar p\u00e5 ditt \u00e4rende s\u00e5 snart som m\u00f6jligt.\r\n\r\n\r\nMed v\u00e4nliga h\u00e4lsningar\r\n\r\nDiariecenter\r\n   \r\nTrafikverket  \r\nwww.trafikverket.se  \r\nTelefon: 0771-921 921\r\ntrafikverket@trafikverket.se<\/pre>\n","protected":false},"excerpt":{"rendered":"<p>Ans\u00f6kan mottagen av trafikverket.Enlig Ida, s\u00e5 har de f\u00e5tt m\u00e5nga ans\u00f6kningar och de tar alla i turordning, s\u00e5 vi f\u00e5r beska i Januari eller i Februari. Hej! Vi har tagit emot ditt \u00e4rende om &#8220;Ans\u00f6kan om projektbidrag till ideella f\u00f6reningar 2020 &#8211; Klimatcykel &#8211; Aktiva transporter f\u00f6r en h\u00e4lsosam vardag med energi fr\u00e5n solen&#8221; och [&hellip;]<\/p>\n","protected":false},"author":131,"featured_media":0,"comment_status":"open","ping_status":"open","sticky":false,"template":"single.php","format":"standard","meta":{"_monsterinsights_skip_tracking":false,"_jetpack_newsletter_access":"","_jetpack_dont_email_post_to_subs":false,"_jetpack_newsletter_tier_id":0,"_jetpack_memberships_contains_paywalled_content":false,"_jetpack_feature_clip_id":0,"_jetpack_memberships_contains_paid_content":false,"footnotes":"","jetpack_publicize_message":"","jetpack_publicize_feature_enabled":true,"jetpack_social_post_already_shared":true,"jetpack_social_options":{"image_generator_settings":{"template":"highway","default_image_id":0,"font":"","enabled":false},"version":2},"jetpack_post_was_ever_published":false},"categories":[274],"tags":[285],"class_list":["post-6648","post","type-post","status-publish","format-standard","hentry","category-projekt-030","tag-ansokan-mottagen"],"aioseo_notices":[],"aioseo_head":"\n\t\t<!-- All in One SEO 5.0.1.1 - aioseo.com -->\n\t<meta name=\"description\" content=\"Ans\u00f6kan mottagen av trafikverket.Enlig Ida, s\u00e5 har de f\u00e5tt m\u00e5nga ans\u00f6kningar och de tar alla i turordning, s\u00e5 vi f\u00e5r beska i Januari eller i Februari. Hej! Vi har tagit emot ditt \u00e4rende om &quot;Ans\u00f6kan om projektbidrag till ideella f\u00f6reningar 2020 - Klimatcykel - Aktiva transporter f\u00f6r en h\u00e4lsosam vardag med energi fr\u00e5n solen&quot; och\" \/>\n\t<meta name=\"robots\" content=\"max-image-preview:large\" \/>\n\t<meta name=\"author\" content=\"Lars Lindmark\"\/>\n\t<link rel=\"canonical\" href=\"https:\/\/kiube.se\/projekt\/6648\" \/>\n\t<meta name=\"generator\" content=\"All in One SEO (AIOSEO) 5.0.1.1\" \/>\n\t\t<meta property=\"og:locale\" content=\"sv_SE\" \/>\n\t\t<meta property=\"og:site_name\" content=\"Nalta Projekt - \u00d6versikt\" \/>\n\t\t<meta property=\"og:type\" content=\"article\" \/>\n\t\t<meta property=\"og:title\" content=\"Ans\u00f6kan mottagen av Trafikerket - Nalta Projekt\" \/>\n\t\t<meta property=\"og:description\" content=\"Ans\u00f6kan mottagen av trafikverket.Enlig Ida, s\u00e5 har de f\u00e5tt m\u00e5nga ans\u00f6kningar och de tar alla i turordning, s\u00e5 vi f\u00e5r beska i Januari eller i Februari. Hej! Vi har tagit emot ditt \u00e4rende om &quot;Ans\u00f6kan om projektbidrag till ideella f\u00f6reningar 2020 - Klimatcykel - Aktiva transporter f\u00f6r en h\u00e4lsosam vardag med energi fr\u00e5n solen&quot; och\" \/>\n\t\t<meta property=\"og:url\" content=\"https:\/\/kiube.se\/projekt\/6648\" \/>\n\t\t<meta property=\"article:published_time\" content=\"2019-12-20T15:13:28+00:00\" \/>\n\t\t<meta property=\"article:modified_time\" content=\"2019-12-20T15:34:04+00:00\" \/>\n\t\t<meta name=\"twitter:card\" content=\"summary_large_image\" \/>\n\t\t<meta name=\"twitter:title\" content=\"Ans\u00f6kan mottagen av Trafikerket - Nalta Projekt\" \/>\n\t\t<meta name=\"twitter:description\" content=\"Ans\u00f6kan mottagen av trafikverket.Enlig Ida, s\u00e5 har de f\u00e5tt m\u00e5nga ans\u00f6kningar och de tar alla i turordning, s\u00e5 vi f\u00e5r beska i Januari eller i Februari. Hej! Vi har tagit emot ditt \u00e4rende om &quot;Ans\u00f6kan om projektbidrag till ideella f\u00f6reningar 2020 - Klimatcykel - Aktiva transporter f\u00f6r en h\u00e4lsosam vardag med energi fr\u00e5n solen&quot; och\" \/>\n\t\t<script type=\"application\/ld+json\" class=\"aioseo-schema\">\n\t\t\t{\"@context\":\"https:\\\/\\\/schema.org\",\"@graph\":[{\"@type\":\"BlogPosting\",\"@id\":\"https:\\\/\\\/kiube.se\\\/projekt\\\/6648#blogposting\",\"name\":\"Ans\\u00f6kan mottagen av Trafikerket - Nalta Projekt\",\"headline\":\"Ans\\u00f6kan mottagen av Trafikerket\",\"author\":{\"@id\":\"https:\\\/\\\/kiube.se\\\/projekt\\\/author\\\/sysadmin8jido#author\"},\"publisher\":{\"@id\":\"https:\\\/\\\/kiube.se\\\/projekt\\\/#organization\"},\"datePublished\":\"2019-12-20T16:13:28+01:00\",\"dateModified\":\"2019-12-20T16:34:04+01:00\",\"inLanguage\":\"sv-SE\",\"mainEntityOfPage\":{\"@id\":\"https:\\\/\\\/kiube.se\\\/projekt\\\/6648#webpage\"},\"isPartOf\":{\"@id\":\"https:\\\/\\\/kiube.se\\\/projekt\\\/6648#webpage\"},\"articleSection\":\"Projekt #030, Ans\\u00f6kan mottagen\"},{\"@type\":\"BreadcrumbList\",\"@id\":\"https:\\\/\\\/kiube.se\\\/projekt\\\/6648#breadcrumblist\",\"itemListElement\":[{\"@type\":\"ListItem\",\"@id\":\"https:\\\/\\\/kiube.se\\\/projekt#listItem\",\"position\":1,\"name\":\"Home\",\"item\":\"https:\\\/\\\/kiube.se\\\/projekt\",\"nextItem\":{\"@type\":\"ListItem\",\"@id\":\"https:\\\/\\\/kiube.se\\\/projekt\\\/category\\\/projekt#listItem\",\"name\":\"Projekt\"}},{\"@type\":\"ListItem\",\"@id\":\"https:\\\/\\\/kiube.se\\\/projekt\\\/category\\\/projekt#listItem\",\"position\":2,\"name\":\"Projekt\",\"item\":\"https:\\\/\\\/kiube.se\\\/projekt\\\/category\\\/projekt\",\"nextItem\":{\"@type\":\"ListItem\",\"@id\":\"https:\\\/\\\/kiube.se\\\/projekt\\\/category\\\/projekt\\\/projekt-030#listItem\",\"name\":\"Projekt #030\"},\"previousItem\":{\"@type\":\"ListItem\",\"@id\":\"https:\\\/\\\/kiube.se\\\/projekt#listItem\",\"name\":\"Home\"}},{\"@type\":\"ListItem\",\"@id\":\"https:\\\/\\\/kiube.se\\\/projekt\\\/category\\\/projekt\\\/projekt-030#listItem\",\"position\":3,\"name\":\"Projekt #030\",\"item\":\"https:\\\/\\\/kiube.se\\\/projekt\\\/category\\\/projekt\\\/projekt-030\",\"nextItem\":{\"@type\":\"ListItem\",\"@id\":\"https:\\\/\\\/kiube.se\\\/projekt\\\/6648#listItem\",\"name\":\"Ans\\u00f6kan mottagen av Trafikerket\"},\"previousItem\":{\"@type\":\"ListItem\",\"@id\":\"https:\\\/\\\/kiube.se\\\/projekt\\\/category\\\/projekt#listItem\",\"name\":\"Projekt\"}},{\"@type\":\"ListItem\",\"@id\":\"https:\\\/\\\/kiube.se\\\/projekt\\\/6648#listItem\",\"position\":4,\"name\":\"Ans\\u00f6kan mottagen av Trafikerket\",\"previousItem\":{\"@type\":\"ListItem\",\"@id\":\"https:\\\/\\\/kiube.se\\\/projekt\\\/category\\\/projekt\\\/projekt-030#listItem\",\"name\":\"Projekt #030\"}}]},{\"@type\":\"Organization\",\"@id\":\"https:\\\/\\\/kiube.se\\\/projekt\\\/#organization\",\"name\":\"x Projekt\",\"description\":\"\\u00d6versikt\",\"url\":\"https:\\\/\\\/kiube.se\\\/projekt\\\/\"},{\"@type\":\"Person\",\"@id\":\"https:\\\/\\\/kiube.se\\\/projekt\\\/author\\\/sysadmin8jido#author\",\"url\":\"https:\\\/\\\/kiube.se\\\/projekt\\\/author\\\/sysadmin8jido\",\"name\":\"Lars Lindmark\",\"image\":{\"@type\":\"ImageObject\",\"@id\":\"https:\\\/\\\/kiube.se\\\/projekt\\\/6648#authorImage\",\"url\":\"https:\\\/\\\/secure.gravatar.com\\\/avatar\\\/623fca356fac7bada88ab5a89ecf68b2128390d794ac1045b916c73419ee8999?s=96&d=mm&r=g\",\"width\":96,\"height\":96,\"caption\":\"Lars Lindmark\"}},{\"@type\":\"WebPage\",\"@id\":\"https:\\\/\\\/kiube.se\\\/projekt\\\/6648#webpage\",\"url\":\"https:\\\/\\\/kiube.se\\\/projekt\\\/6648\",\"name\":\"Ans\\u00f6kan mottagen av Trafikerket - Nalta Projekt\",\"description\":\"Ans\\u00f6kan mottagen av trafikverket.Enlig Ida, s\\u00e5 har de f\\u00e5tt m\\u00e5nga ans\\u00f6kningar och de tar alla i turordning, s\\u00e5 vi f\\u00e5r beska i Januari eller i Februari. Hej! Vi har tagit emot ditt \\u00e4rende om \\\"Ans\\u00f6kan om projektbidrag till ideella f\\u00f6reningar 2020 - Klimatcykel - Aktiva transporter f\\u00f6r en h\\u00e4lsosam vardag med energi fr\\u00e5n solen\\\" och\",\"inLanguage\":\"sv-SE\",\"isPartOf\":{\"@id\":\"https:\\\/\\\/kiube.se\\\/projekt\\\/#website\"},\"breadcrumb\":{\"@id\":\"https:\\\/\\\/kiube.se\\\/projekt\\\/6648#breadcrumblist\"},\"author\":{\"@id\":\"https:\\\/\\\/kiube.se\\\/projekt\\\/author\\\/sysadmin8jido#author\"},\"creator\":{\"@id\":\"https:\\\/\\\/kiube.se\\\/projekt\\\/author\\\/sysadmin8jido#author\"},\"datePublished\":\"2019-12-20T16:13:28+01:00\",\"dateModified\":\"2019-12-20T16:34:04+01:00\"},{\"@type\":\"WebSite\",\"@id\":\"https:\\\/\\\/kiube.se\\\/projekt\\\/#website\",\"url\":\"https:\\\/\\\/kiube.se\\\/projekt\\\/\",\"name\":\"x Projekt\",\"description\":\"\\u00d6versikt\",\"inLanguage\":\"sv-SE\",\"publisher\":{\"@id\":\"https:\\\/\\\/kiube.se\\\/projekt\\\/#organization\"}}]}\n\t\t<\/script>\n\t\t<!-- All in One SEO -->\n\n","aioseo_head_json":{"title":"Ans\u00f6kan mottagen av Trafikerket - Nalta Projekt","description":"Ans\u00f6kan mottagen av trafikverket.Enlig Ida, s\u00e5 har de f\u00e5tt m\u00e5nga ans\u00f6kningar och de tar alla i turordning, s\u00e5 vi f\u00e5r beska i Januari eller i Februari. Hej! Vi har tagit emot ditt \u00e4rende om \"Ans\u00f6kan om projektbidrag till ideella f\u00f6reningar 2020 - Klimatcykel - Aktiva transporter f\u00f6r en h\u00e4lsosam vardag med energi fr\u00e5n solen\" och","canonical_url":"https:\/\/kiube.se\/projekt\/6648","robots":"max-image-preview:large","keywords":"","webmasterTools":{"miscellaneous":""},"schema":{"@context":"https:\/\/schema.org","@graph":[{"@type":"BlogPosting","@id":"https:\/\/kiube.se\/projekt\/6648#blogposting","name":"Ans\u00f6kan mottagen av Trafikerket - Nalta Projekt","headline":"Ans\u00f6kan mottagen av Trafikerket","author":{"@id":"https:\/\/kiube.se\/projekt\/author\/sysadmin8jido#author"},"publisher":{"@id":"https:\/\/kiube.se\/projekt\/#organization"},"datePublished":"2019-12-20T16:13:28+01:00","dateModified":"2019-12-20T16:34:04+01:00","inLanguage":"sv-SE","mainEntityOfPage":{"@id":"https:\/\/kiube.se\/projekt\/6648#webpage"},"isPartOf":{"@id":"https:\/\/kiube.se\/projekt\/6648#webpage"},"articleSection":"Projekt #030, Ans\u00f6kan mottagen"},{"@type":"BreadcrumbList","@id":"https:\/\/kiube.se\/projekt\/6648#breadcrumblist","itemListElement":[{"@type":"ListItem","@id":"https:\/\/kiube.se\/projekt#listItem","position":1,"name":"Home","item":"https:\/\/kiube.se\/projekt","nextItem":{"@type":"ListItem","@id":"https:\/\/kiube.se\/projekt\/category\/projekt#listItem","name":"Projekt"}},{"@type":"ListItem","@id":"https:\/\/kiube.se\/projekt\/category\/projekt#listItem","position":2,"name":"Projekt","item":"https:\/\/kiube.se\/projekt\/category\/projekt","nextItem":{"@type":"ListItem","@id":"https:\/\/kiube.se\/projekt\/category\/projekt\/projekt-030#listItem","name":"Projekt #030"},"previousItem":{"@type":"ListItem","@id":"https:\/\/kiube.se\/projekt#listItem","name":"Home"}},{"@type":"ListItem","@id":"https:\/\/kiube.se\/projekt\/category\/projekt\/projekt-030#listItem","position":3,"name":"Projekt #030","item":"https:\/\/kiube.se\/projekt\/category\/projekt\/projekt-030","nextItem":{"@type":"ListItem","@id":"https:\/\/kiube.se\/projekt\/6648#listItem","name":"Ans\u00f6kan mottagen av Trafikerket"},"previousItem":{"@type":"ListItem","@id":"https:\/\/kiube.se\/projekt\/category\/projekt#listItem","name":"Projekt"}},{"@type":"ListItem","@id":"https:\/\/kiube.se\/projekt\/6648#listItem","position":4,"name":"Ans\u00f6kan mottagen av Trafikerket","previousItem":{"@type":"ListItem","@id":"https:\/\/kiube.se\/projekt\/category\/projekt\/projekt-030#listItem","name":"Projekt #030"}}]},{"@type":"Organization","@id":"https:\/\/kiube.se\/projekt\/#organization","name":"x Projekt","description":"\u00d6versikt","url":"https:\/\/kiube.se\/projekt\/"},{"@type":"Person","@id":"https:\/\/kiube.se\/projekt\/author\/sysadmin8jido#author","url":"https:\/\/kiube.se\/projekt\/author\/sysadmin8jido","name":"Lars Lindmark","image":{"@type":"ImageObject","@id":"https:\/\/kiube.se\/projekt\/6648#authorImage","url":"https:\/\/secure.gravatar.com\/avatar\/623fca356fac7bada88ab5a89ecf68b2128390d794ac1045b916c73419ee8999?s=96&d=mm&r=g","width":96,"height":96,"caption":"Lars Lindmark"}},{"@type":"WebPage","@id":"https:\/\/kiube.se\/projekt\/6648#webpage","url":"https:\/\/kiube.se\/projekt\/6648","name":"Ans\u00f6kan mottagen av Trafikerket - Nalta Projekt","description":"Ans\u00f6kan mottagen av trafikverket.Enlig Ida, s\u00e5 har de f\u00e5tt m\u00e5nga ans\u00f6kningar och de tar alla i turordning, s\u00e5 vi f\u00e5r beska i Januari eller i Februari. Hej! Vi har tagit emot ditt \u00e4rende om \"Ans\u00f6kan om projektbidrag till ideella f\u00f6reningar 2020 - Klimatcykel - Aktiva transporter f\u00f6r en h\u00e4lsosam vardag med energi fr\u00e5n solen\" och","inLanguage":"sv-SE","isPartOf":{"@id":"https:\/\/kiube.se\/projekt\/#website"},"breadcrumb":{"@id":"https:\/\/kiube.se\/projekt\/6648#breadcrumblist"},"author":{"@id":"https:\/\/kiube.se\/projekt\/author\/sysadmin8jido#author"},"creator":{"@id":"https:\/\/kiube.se\/projekt\/author\/sysadmin8jido#author"},"datePublished":"2019-12-20T16:13:28+01:00","dateModified":"2019-12-20T16:34:04+01:00"},{"@type":"WebSite","@id":"https:\/\/kiube.se\/projekt\/#website","url":"https:\/\/kiube.se\/projekt\/","name":"x Projekt","description":"\u00d6versikt","inLanguage":"sv-SE","publisher":{"@id":"https:\/\/kiube.se\/projekt\/#organization"}}]},"og:locale":"sv_SE","og:site_name":"Nalta Projekt - \u00d6versikt","og:type":"article","og:title":"Ans\u00f6kan mottagen av Trafikerket - Nalta Projekt","og:description":"Ans\u00f6kan mottagen av trafikverket.Enlig Ida, s\u00e5 har de f\u00e5tt m\u00e5nga ans\u00f6kningar och de tar alla i turordning, s\u00e5 vi f\u00e5r beska i Januari eller i Februari. Hej! Vi har tagit emot ditt \u00e4rende om &quot;Ans\u00f6kan om projektbidrag till ideella f\u00f6reningar 2020 - Klimatcykel - Aktiva transporter f\u00f6r en h\u00e4lsosam vardag med energi fr\u00e5n solen&quot; och","og:url":"https:\/\/kiube.se\/projekt\/6648","article:published_time":"2019-12-20T15:13:28+00:00","article:modified_time":"2019-12-20T15:34:04+00:00","twitter:card":"summary_large_image","twitter:title":"Ans\u00f6kan mottagen av Trafikerket - Nalta Projekt","twitter:description":"Ans\u00f6kan mottagen av trafikverket.Enlig Ida, s\u00e5 har de f\u00e5tt m\u00e5nga ans\u00f6kningar och de tar alla i turordning, s\u00e5 vi f\u00e5r beska i Januari eller i Februari. Hej! Vi har tagit emot ditt \u00e4rende om &quot;Ans\u00f6kan om projektbidrag till ideella f\u00f6reningar 2020 - Klimatcykel - Aktiva transporter f\u00f6r en h\u00e4lsosam vardag med energi fr\u00e5n solen&quot; och"},"aioseo_meta_data":{"post_id":"6648","title":null,"description":null,"keywords":null,"keyphrases":null,"primary_term":null,"canonical_url":null,"og_title":null,"og_description":null,"og_object_type":"default","og_image_type":"default","og_image_url":null,"og_image_width":null,"og_image_height":null,"og_image_custom_url":null,"og_image_custom_fields":null,"og_video":null,"og_custom_url":null,"og_article_section":null,"og_article_tags":null,"twitter_use_og":false,"twitter_card":"default","twitter_image_type":"default","twitter_image_url":null,"twitter_image_custom_url":null,"twitter_image_custom_fields":null,"twitter_title":null,"twitter_description":null,"schema":{"blockGraphs":[],"customGraphs":[],"default":{"data":{"Article":[],"Course":[],"Dataset":[],"FAQPage":[],"Movie":[],"Person":[],"Product":[],"ProductReview":[],"Car":[],"Recipe":[],"Service":[],"SoftwareApplication":[],"WebPage":[]},"graphName":"","isEnabled":true},"graphs":[]},"schema_type":"default","schema_type_options":null,"pillar_content":false,"robots_default":true,"robots_noindex":false,"robots_noarchive":false,"robots_nosnippet":false,"robots_nofollow":false,"robots_noimageindex":false,"robots_noodp":false,"robots_notranslate":false,"robots_max_snippet":null,"robots_max_videopreview":null,"robots_max_imagepreview":"large","priority":null,"frequency":null,"local_seo":null,"breadcrumb_settings":null,"limit_modified_date":false,"ai":null,"created":"2024-01-12 09:37:43","updated":"2025-06-07 00:44:22","seo_analyzer_scan_date":null,"focus_keyword":null,"additional_keywords":null,"truseo_locale":null},"aioseo_breadcrumb":"<div class=\"aioseo-breadcrumbs\"><span class=\"aioseo-breadcrumb\">\n\t\t\t<a href=\"https:\/\/kiube.se\/projekt\" title=\"Home\">Home<\/a>\n\t\t<\/span><span class=\"aioseo-breadcrumb-separator\">&raquo;<\/span><span class=\"aioseo-breadcrumb\">\n\t\t\t<a href=\"https:\/\/kiube.se\/projekt\/category\/projekt\" title=\"Projekt\">Projekt<\/a>\n\t\t<\/span><span class=\"aioseo-breadcrumb-separator\">&raquo;<\/span><span class=\"aioseo-breadcrumb\">\n\t\t\t<a href=\"https:\/\/kiube.se\/projekt\/category\/projekt\/projekt-030\" title=\"Projekt #030\">Projekt #030<\/a>\n\t\t<\/span><span class=\"aioseo-breadcrumb-separator\">&raquo;<\/span><span class=\"aioseo-breadcrumb\">\n\t\t\tAns\u00f6kan mottagen av Trafikerket\n\t\t<\/span><\/div>","aioseo_breadcrumb_json":[{"label":"Home","link":"https:\/\/kiube.se\/projekt"},{"label":"Projekt","link":"https:\/\/kiube.se\/projekt\/category\/projekt"},{"label":"Projekt #030","link":"https:\/\/kiube.se\/projekt\/category\/projekt\/projekt-030"},{"label":"Ans\u00f6kan mottagen av Trafikerket","link":"https:\/\/kiube.se\/projekt\/6648"}],"jetpack_publicize_connections":[],"jetpack_shortlink":"https:\/\/wp.me\/s8EJTZ-6648","jetpack_sharing_enabled":true,"jetpack_featured_media_url":"","_links":{"self":[{"href":"https:\/\/kiube.se\/projekt\/wp-json\/wp\/v2\/posts\/6648","targetHints":{"allow":["GET"]}}],"collection":[{"href":"https:\/\/kiube.se\/projekt\/wp-json\/wp\/v2\/posts"}],"about":[{"href":"https:\/\/kiube.se\/projekt\/wp-json\/wp\/v2\/types\/post"}],"author":[{"embeddable":true,"href":"https:\/\/kiube.se\/projekt\/wp-json\/wp\/v2\/users\/131"}],"replies":[{"embeddable":true,"href":"https:\/\/kiube.se\/projekt\/wp-json\/wp\/v2\/comments?post=6648"}],"version-history":[{"count":0,"href":"https:\/\/kiube.se\/projekt\/wp-json\/wp\/v2\/posts\/6648\/revisions"}],"wp:attachment":[{"href":"https:\/\/kiube.se\/projekt\/wp-json\/wp\/v2\/media?parent=6648"}],"wp:term":[{"taxonomy":"category","embeddable":true,"href":"https:\/\/kiube.se\/projekt\/wp-json\/wp\/v2\/categories?post=6648"},{"taxonomy":"post_tag","embeddable":true,"href":"https:\/\/kiube.se\/projekt\/wp-json\/wp\/v2\/tags?post=6648"}],"curies":[{"name":"wp","href":"https:\/\/api.w.org\/{rel}","templated":true}]}}