{"id":4343,"date":"2015-07-30T20:56:10","date_gmt":"2015-07-30T19:56:10","guid":{"rendered":"http:\/\/kiube.se\/projekt\/?p=4343"},"modified":"2020-01-22T03:13:39","modified_gmt":"2020-01-22T02:13:39","slug":"omsesidigt-larande","status":"publish","type":"post","link":"https:\/\/kiube.se\/projekt\/4343","title":{"rendered":"\u00d6msesidigt l\u00e4rande"},"content":{"rendered":"<p><a href=\"http:\/\/www.globalgoals.org\/global-goals\/sustainable-cities-and-communities\/\"><img loading=\"lazy\" decoding=\"async\" data-attachment-id=\"4345\" data-permalink=\"https:\/\/kiube.se\/projekt\/4343\/screen-capture-919\" data-orig-file=\"https:\/\/s3.eu-north-1.amazonaws.com\/kiube.se\/wp-content\/uploads\/sites\/72\/2015\/07\/26171211\/screen-capture-919.png\" data-orig-size=\"190,190\" data-comments-opened=\"1\" data-image-meta=\"{&quot;aperture&quot;:&quot;0&quot;,&quot;credit&quot;:&quot;&quot;,&quot;camera&quot;:&quot;&quot;,&quot;caption&quot;:&quot;&quot;,&quot;created_timestamp&quot;:&quot;0&quot;,&quot;copyright&quot;:&quot;&quot;,&quot;focal_length&quot;:&quot;0&quot;,&quot;iso&quot;:&quot;0&quot;,&quot;shutter_speed&quot;:&quot;0&quot;,&quot;title&quot;:&quot;&quot;,&quot;orientation&quot;:&quot;0&quot;}\" data-image-title=\"screen-capture-919\" data-image-description=\"\" data-image-caption=\"\" data-large-file=\"https:\/\/s3.eu-north-1.amazonaws.com\/kiube.se\/wp-content\/uploads\/sites\/72\/2015\/07\/26171211\/screen-capture-919.png\" class=\"alignright wp-image-4345 size-full\" src=\"http:\/\/s3.eu-north-1.amazonaws.com\/kiube.se\/wp-content\/uploads\/sites\/72\/2015\/07\/26171211\/screen-capture-919.png\" alt=\"screen-capture-919\" width=\"190\" height=\"190\" srcset=\"https:\/\/s3.eu-north-1.amazonaws.com\/kiube.se\/wp-content\/uploads\/sites\/72\/2015\/07\/26171211\/screen-capture-919.png 190w, https:\/\/s3.eu-north-1.amazonaws.com\/kiube.se\/wp-content\/uploads\/sites\/72\/2015\/07\/26171211\/screen-capture-919-150x150.png 150w\" sizes=\"auto, (max-width: 190px) 100vw, 190px\" \/><\/a><strong>Projekt<\/strong>: \u00d6msesidigt l\u00e4rande &#8211; IoT<\/p>\n<p><strong>Bidra med v\u00e4rde till<\/strong>:\u00a0G\u00f6ra st\u00e4der och bebyggelse inkluderande, trygga, motst\u00e5ndskraftiga och h\u00e5llbara<\/p>\n<p><strong>Typ<\/strong>: Design Sprint<\/p>\n<p><strong>Fr\u00e5ga<\/strong>: Hur skapar man v\u00e4rde av det som inte syns.<\/p>\n<p><strong>Hypotes<\/strong>: Kan man g\u00f6ra en sj\u00e4lvf\u00f6rs\u00f6rjande sensor som g\u00e5r att koppla till IoT med en livsl\u00e4ngd p\u00e5 50 \u00e5r.<\/p>\n<p><strong>Arrang\u00f6r<\/strong>: Design Stugan<\/p>\n<p><strong>Sponsorer<\/strong>: Lunds Kommun, Sensative, Yellotab<\/p>\n<p><strong>Facilatorer<\/strong>: Fredrik Westman, Christofer Lundin och Lars Lindmark<\/p>\n<p><strong>Akt\u00f6rer: <\/strong><\/p>\n<ul>\n<li>Personal Sensative<\/li>\n<li>N\u00e4tverk Designstuga<\/li>\n<\/ul>\n<p><strong>Behovs\u00e4gare<\/strong>: Fastighets\u00e4garen<\/p>\n<p><strong>Experiment material<\/strong>:<\/p>\n<ul>\n<li>Sensorer<\/li>\n<li>Solceller<\/li>\n<li>Digitala displayer<\/li>\n<li>Arduino boards<\/li>\n<\/ul>\n<p>Husregler<\/p>\n<ul>\n<li><a href=\"http:\/\/kiube.se\/projekt\/?page_id=2\">l\u00e4s mer h\u00e4r<\/a><\/li>\n<\/ul>\n","protected":false},"excerpt":{"rendered":"<p>Projekt: \u00d6msesidigt l\u00e4rande &#8211; IoT Bidra med v\u00e4rde till:\u00a0G\u00f6ra st\u00e4der och bebyggelse inkluderande, trygga, motst\u00e5ndskraftiga och h\u00e5llbara Typ: Design Sprint Fr\u00e5ga: Hur skapar man v\u00e4rde av det som inte syns. Hypotes: Kan man g\u00f6ra en sj\u00e4lvf\u00f6rs\u00f6rjande sensor som g\u00e5r att koppla till IoT med en livsl\u00e4ngd p\u00e5 50 \u00e5r. Arrang\u00f6r: Design Stugan Sponsorer: Lunds Kommun, [&hellip;]<\/p>\n","protected":false},"author":131,"featured_media":0,"comment_status":"open","ping_status":"open","sticky":false,"template":"single.php","format":"standard","meta":{"_monsterinsights_skip_tracking":false,"_monsterinsights_sitenote_active":false,"_monsterinsights_sitenote_note":"","_monsterinsights_sitenote_category":0,"jetpack_post_was_ever_published":false,"_jetpack_newsletter_access":"","_jetpack_dont_email_post_to_subs":false,"_jetpack_newsletter_tier_id":0,"_jetpack_memberships_contains_paywalled_content":false,"_jetpack_memberships_contains_paid_content":false,"footnotes":"","jetpack_publicize_message":"","jetpack_publicize_feature_enabled":true,"jetpack_social_post_already_shared":false,"jetpack_social_options":{"image_generator_settings":{"template":"highway","default_image_id":0,"font":"","enabled":false},"version":2}},"categories":[51],"tags":[52,53],"class_list":["post-4343","post","type-post","status-publish","format-standard","hentry","category-design-sprint","tag-event","tag-kulturnatten"],"aioseo_notices":[],"jetpack_publicize_connections":[],"jetpack_featured_media_url":"","jetpack_shortlink":"https:\/\/wp.me\/p8EJTZ-183","jetpack_sharing_enabled":true,"_links":{"self":[{"href":"https:\/\/kiube.se\/projekt\/wp-json\/wp\/v2\/posts\/4343","targetHints":{"allow":["GET"]}}],"collection":[{"href":"https:\/\/kiube.se\/projekt\/wp-json\/wp\/v2\/posts"}],"about":[{"href":"https:\/\/kiube.se\/projekt\/wp-json\/wp\/v2\/types\/post"}],"author":[{"embeddable":true,"href":"https:\/\/kiube.se\/projekt\/wp-json\/wp\/v2\/users\/131"}],"replies":[{"embeddable":true,"href":"https:\/\/kiube.se\/projekt\/wp-json\/wp\/v2\/comments?post=4343"}],"version-history":[{"count":0,"href":"https:\/\/kiube.se\/projekt\/wp-json\/wp\/v2\/posts\/4343\/revisions"}],"wp:attachment":[{"href":"https:\/\/kiube.se\/projekt\/wp-json\/wp\/v2\/media?parent=4343"}],"wp:term":[{"taxonomy":"category","embeddable":true,"href":"https:\/\/kiube.se\/projekt\/wp-json\/wp\/v2\/categories?post=4343"},{"taxonomy":"post_tag","embeddable":true,"href":"https:\/\/kiube.se\/projekt\/wp-json\/wp\/v2\/tags?post=4343"}],"curies":[{"name":"wp","href":"https:\/\/api.w.org\/{rel}","templated":true}]}}