{"id":659,"date":"2014-06-01T11:04:02","date_gmt":"2014-06-01T10:04:02","guid":{"rendered":"http:\/\/kiube.se\/x052\/?p=659"},"modified":"2014-06-01T11:16:15","modified_gmt":"2014-06-01T10:16:15","slug":"659","status":"publish","type":"post","link":"http:\/\/kiube.se\/x052\/659\/","title":{"rendered":"Hus i Harvestad"},"content":{"rendered":"<figure id=\"attachment_660\" aria-describedby=\"caption-attachment-660\" style=\"width: 620px\" class=\"wp-caption alignnone\"><a href=\"http:\/\/www.svenskapassivhus.com\"><img data-recalc-dims=\"1\" loading=\"lazy\" decoding=\"async\" data-attachment-id=\"660\" data-permalink=\"http:\/\/kiube.se\/x052\/659\/2014-06-01-11-45-39-am\/#main\" data-orig-file=\"https:\/\/i0.wp.com\/s3.eu-north-1.amazonaws.com\/kiube.se\/wp-content\/uploads\/sites\/7\/2014\/06\/26153600\/2014-06-01-11.45.39-am.png?fit=1202%2C470\" data-orig-size=\"1202,470\" data-comments-opened=\"1\" data-image-meta=\"{&quot;aperture&quot;:&quot;0&quot;,&quot;credit&quot;:&quot;&quot;,&quot;camera&quot;:&quot;&quot;,&quot;caption&quot;:&quot;&quot;,&quot;created_timestamp&quot;:&quot;0&quot;,&quot;copyright&quot;:&quot;&quot;,&quot;focal_length&quot;:&quot;0&quot;,&quot;iso&quot;:&quot;0&quot;,&quot;shutter_speed&quot;:&quot;0&quot;,&quot;title&quot;:&quot;&quot;}\" data-image-title=\"2014-06-01 11.45.39 am\" data-image-description=\"\" data-image-caption=\"\" data-large-file=\"https:\/\/i0.wp.com\/s3.eu-north-1.amazonaws.com\/kiube.se\/wp-content\/uploads\/sites\/7\/2014\/06\/26153600\/2014-06-01-11.45.39-am.png?fit=1024%2C400\" class=\"wp-image-660 size-large\" src=\"https:\/\/i0.wp.com\/s3.eu-north-1.amazonaws.com\/kiube.se\/wp-content\/uploads\/sites\/7\/2014\/06\/26153600\/2014-06-01-11.45.39-am-1024x400.png?resize=630%2C246\" alt=\"2014-06-01 11.45.39 am\" width=\"630\" height=\"246\" srcset=\"http:\/\/s3.eu-north-1.amazonaws.com\/kiube.se\/wp-content\/uploads\/sites\/7\/2014\/06\/26153600\/2014-06-01-11.45.39-am.png 1024w, http:\/\/s3.eu-north-1.amazonaws.com\/kiube.se\/wp-content\/uploads\/sites\/7\/2014\/06\/26153600\/2014-06-01-11.45.39-am.png 300w, http:\/\/s3.eu-north-1.amazonaws.com\/kiube.se\/wp-content\/uploads\/sites\/7\/2014\/06\/26153600\/2014-06-01-11.45.39-am.png 1202w\" sizes=\"auto, (max-width: 630px) 100vw, 630px\" \/><\/a><figcaption id=\"caption-attachment-660\" class=\"wp-caption-text\">Svenska Passiva Hus AB<\/figcaption><\/figure>\n<p>Vi har nu f\u00e5tt energiber\u00e4kningarna f\u00f6r Harvestadshusen och kan gl\u00e4djande konstatera att de kommer att \u201ddra\u201d v\u00e4ldigt lite energi.<\/p>\n<p>Ber\u00e4kningarna s\u00e4ger f\u00f6ljande:<\/p>\n<p>Hustyp A, 152,6 kvm: 5,4 kWh\/kvm\/\u00e5r = c:a 831 kWh\/\u00e5r.<br \/>\nHustyp B, 180,8 kvm: 8,9 kWh\/kvm\/\u00e5r = c:a 1.605 kWh\/\u00e5r.<br \/>\nHustyp C, 233,1 kvm: 18,7 kWh\/kvm\/\u00e5r = c:a 4.355 kWh\/\u00e5r.<br \/>\nHustyp D, 183,9 kvm: 13,0 kWh\/kvm\/\u00e5r = c:a 2.396 kWh\/\u00e5r.<\/p>\n<p>De stora anledningarna till denna l\u00e5ga f\u00f6rbrukning \u00e4r f\u00f6ljande:<\/p>\n<p>&#8211; Husen isoleras med 400 mm cellplast under betongplattan.<br \/>\n&#8211; Isoleringstjockleken i ytterv\u00e4ggarna d\u00e4r det \u00e4r tr\u00e4v\u00e4ggar blir 400 mm mineralull.<br \/>\n&#8211; Ytterv\u00e4ggen byggs i tre skikt vilket till stor del eliminerar k\u00f6ldbryggor.<br \/>\n&#8211; Ytterv\u00e4ggen byggs med ett installationsskikt vilket g\u00f6r ytterv\u00e4ggen t\u00e4t och energisn\u00e5l.<br \/>\n&#8211; P\u00e5 vinden isolerar vi med 750 mm mineralull.<br \/>\n&#8211; Vi anv\u00e4nder PassivHusf\u00f6nster med ett u-v\u00e4rde p\u00e5 l\u00e5ga 0,8 W\/kvm K.<br \/>\n&#8211; S\u00f6dertaken f\u00f6rses med solceller, vilka producerar c:a 6.000 kWh\/\u00e5r.<\/p>\n<p>Till stora delar kommer husen att kunna betraktas som PassivHus, men eftersom definitionen av passivhus varierar s\u00e5 v\u00e4ljer vi att inte betrakta husen som passivhus.<\/p>\n","protected":false},"excerpt":{"rendered":"<p>Vi har nu f\u00e5tt energiber\u00e4kningarna f\u00f6r Harvestadshusen och kan gl\u00e4djande konstatera att de kommer att \u201ddra\u201d v\u00e4ldigt lite energi. Ber\u00e4kningarna s\u00e4ger f\u00f6ljande: Hustyp A, 152,6 kvm: 5,4 kWh\/kvm\/\u00e5r = c:a 831 kWh\/\u00e5r. Hustyp B, 180,8 kvm: 8,9 kWh\/kvm\/\u00e5r = c:a 1.605 kWh\/\u00e5r. Hustyp C, 233,1 kvm: 18,7 kWh\/kvm\/\u00e5r = c:a 4.355 kWh\/\u00e5r. Hustyp D, 183,9 &#8230; <a title=\"Hus i Harvestad\" class=\"read-more\" href=\"http:\/\/kiube.se\/x052\/659\/\" aria-label=\"L\u00e4s mer om Hus i Harvestad\">L\u00e4s mer<\/a><\/p>\n","protected":false},"author":1,"featured_media":661,"comment_status":"open","ping_status":"open","sticky":false,"template":"","format":"standard","meta":{"jetpack_post_was_ever_published":false,"footnotes":""},"categories":[52],"tags":[64,63],"class_list":["post-659","post","type-post","status-publish","format-standard","has-post-thumbnail","hentry","category-energi","tag-passivhus","tag-solenergi"],"yoast_head":"<!-- This site is optimized with the Yoast SEO plugin v27.5 - https:\/\/yoast.com\/product\/yoast-seo-wordpress\/ -->\n<title>Hus i Harvestad - Husboken Bj\u00f6rkv\u00e4gen 3<\/title>\n<meta name=\"robots\" content=\"index, follow, max-snippet:-1, max-image-preview:large, max-video-preview:-1\" \/>\n<link rel=\"canonical\" href=\"http:\/\/kiube.se\/x052\/659\/\" \/>\n<meta property=\"og:locale\" content=\"sv_SE\" \/>\n<meta property=\"og:type\" content=\"article\" \/>\n<meta property=\"og:title\" content=\"Hus i Harvestad - Husboken Bj\u00f6rkv\u00e4gen 3\" \/>\n<meta property=\"og:description\" content=\"Vi har nu f\u00e5tt energiber\u00e4kningarna f\u00f6r Harvestadshusen och kan gl\u00e4djande konstatera att de kommer att \u201ddra\u201d v\u00e4ldigt lite energi. Ber\u00e4kningarna s\u00e4ger f\u00f6ljande: Hustyp A, 152,6 kvm: 5,4 kWh\/kvm\/\u00e5r = c:a 831 kWh\/\u00e5r. Hustyp B, 180,8 kvm: 8,9 kWh\/kvm\/\u00e5r = c:a 1.605 kWh\/\u00e5r. Hustyp C, 233,1 kvm: 18,7 kWh\/kvm\/\u00e5r = c:a 4.355 kWh\/\u00e5r. Hustyp D, 183,9 ... L\u00e4s mer\" \/>\n<meta property=\"og:url\" content=\"http:\/\/kiube.se\/x052\/659\/\" \/>\n<meta property=\"og:site_name\" content=\"Husboken Bj\u00f6rkv\u00e4gen 3\" \/>\n<meta property=\"article:published_time\" content=\"2014-06-01T10:04:02+00:00\" \/>\n<meta property=\"article:modified_time\" content=\"2014-06-01T10:16:15+00:00\" \/>\n<meta property=\"og:image\" content=\"https:\/\/i0.wp.com\/s3.eu-north-1.amazonaws.com\/kiube.se\/wp-content\/uploads\/sites\/7\/2014\/06\/26153600\/2014-06-01-11.43.08-am.png?fit=616%2C345\" \/>\n\t<meta property=\"og:image:width\" content=\"616\" \/>\n\t<meta property=\"og:image:height\" content=\"345\" \/>\n\t<meta property=\"og:image:type\" content=\"image\/png\" \/>\n<meta name=\"author\" content=\"Lars privat\" \/>\n<meta name=\"twitter:card\" content=\"summary_large_image\" \/>\n<meta name=\"twitter:label1\" content=\"Skriven av\" \/>\n\t<meta name=\"twitter:data1\" content=\"Lars privat\" \/>\n\t<meta name=\"twitter:label2\" content=\"Ber\u00e4knad l\u00e4stid\" \/>\n\t<meta name=\"twitter:data2\" content=\"1 minut\" \/>\n<script type=\"application\/ld+json\" class=\"yoast-schema-graph\">{\"@context\":\"https:\\\/\\\/schema.org\",\"@graph\":[{\"@type\":\"Article\",\"@id\":\"http:\\\/\\\/kiube.se\\\/x052\\\/659\\\/#article\",\"isPartOf\":{\"@id\":\"http:\\\/\\\/kiube.se\\\/x052\\\/659\\\/\"},\"author\":{\"name\":\"Lars privat\",\"@id\":\"http:\\\/\\\/kiube.se\\\/x052\\\/#\\\/schema\\\/person\\\/323c6c5c4020c0c860aa2bfa789bbf64\"},\"headline\":\"Hus i Harvestad\",\"datePublished\":\"2014-06-01T10:04:02+00:00\",\"dateModified\":\"2014-06-01T10:16:15+00:00\",\"mainEntityOfPage\":{\"@id\":\"http:\\\/\\\/kiube.se\\\/x052\\\/659\\\/\"},\"wordCount\":213,\"commentCount\":0,\"image\":{\"@id\":\"http:\\\/\\\/kiube.se\\\/x052\\\/659\\\/#primaryimage\"},\"thumbnailUrl\":\"https:\\\/\\\/i0.wp.com\\\/s3.eu-north-1.amazonaws.com\\\/kiube.se\\\/wp-content\\\/uploads\\\/sites\\\/7\\\/2014\\\/06\\\/26153600\\\/2014-06-01-11.43.08-am.png?fit=616%2C345\",\"keywords\":[\"passivhus\",\"solenergi\"],\"articleSection\":[\"Energi\"],\"inLanguage\":\"sv-SE\",\"potentialAction\":[{\"@type\":\"CommentAction\",\"name\":\"Comment\",\"target\":[\"http:\\\/\\\/kiube.se\\\/x052\\\/659\\\/#respond\"]}]},{\"@type\":\"WebPage\",\"@id\":\"http:\\\/\\\/kiube.se\\\/x052\\\/659\\\/\",\"url\":\"http:\\\/\\\/kiube.se\\\/x052\\\/659\\\/\",\"name\":\"Hus i Harvestad - Husboken Bj\u00f6rkv\u00e4gen 3\",\"isPartOf\":{\"@id\":\"http:\\\/\\\/kiube.se\\\/x052\\\/#website\"},\"primaryImageOfPage\":{\"@id\":\"http:\\\/\\\/kiube.se\\\/x052\\\/659\\\/#primaryimage\"},\"image\":{\"@id\":\"http:\\\/\\\/kiube.se\\\/x052\\\/659\\\/#primaryimage\"},\"thumbnailUrl\":\"https:\\\/\\\/i0.wp.com\\\/s3.eu-north-1.amazonaws.com\\\/kiube.se\\\/wp-content\\\/uploads\\\/sites\\\/7\\\/2014\\\/06\\\/26153600\\\/2014-06-01-11.43.08-am.png?fit=616%2C345\",\"datePublished\":\"2014-06-01T10:04:02+00:00\",\"dateModified\":\"2014-06-01T10:16:15+00:00\",\"author\":{\"@id\":\"http:\\\/\\\/kiube.se\\\/x052\\\/#\\\/schema\\\/person\\\/323c6c5c4020c0c860aa2bfa789bbf64\"},\"breadcrumb\":{\"@id\":\"http:\\\/\\\/kiube.se\\\/x052\\\/659\\\/#breadcrumb\"},\"inLanguage\":\"sv-SE\",\"potentialAction\":[{\"@type\":\"ReadAction\",\"target\":[\"http:\\\/\\\/kiube.se\\\/x052\\\/659\\\/\"]}]},{\"@type\":\"ImageObject\",\"inLanguage\":\"sv-SE\",\"@id\":\"http:\\\/\\\/kiube.se\\\/x052\\\/659\\\/#primaryimage\",\"url\":\"https:\\\/\\\/i0.wp.com\\\/s3.eu-north-1.amazonaws.com\\\/kiube.se\\\/wp-content\\\/uploads\\\/sites\\\/7\\\/2014\\\/06\\\/26153600\\\/2014-06-01-11.43.08-am.png?fit=616%2C345\",\"contentUrl\":\"https:\\\/\\\/i0.wp.com\\\/s3.eu-north-1.amazonaws.com\\\/kiube.se\\\/wp-content\\\/uploads\\\/sites\\\/7\\\/2014\\\/06\\\/26153600\\\/2014-06-01-11.43.08-am.png?fit=616%2C345\",\"width\":616,\"height\":345},{\"@type\":\"BreadcrumbList\",\"@id\":\"http:\\\/\\\/kiube.se\\\/x052\\\/659\\\/#breadcrumb\",\"itemListElement\":[{\"@type\":\"ListItem\",\"position\":1,\"name\":\"Hem\",\"item\":\"http:\\\/\\\/kiube.se\\\/x052\\\/\"},{\"@type\":\"ListItem\",\"position\":2,\"name\":\"Hus i Harvestad\"}]},{\"@type\":\"WebSite\",\"@id\":\"http:\\\/\\\/kiube.se\\\/x052\\\/#website\",\"url\":\"http:\\\/\\\/kiube.se\\\/x052\\\/\",\"name\":\"Husboken Bj\u00f6rkv\u00e4gen 3\",\"description\":\"Min support\",\"potentialAction\":[{\"@type\":\"SearchAction\",\"target\":{\"@type\":\"EntryPoint\",\"urlTemplate\":\"http:\\\/\\\/kiube.se\\\/x052\\\/?s={search_term_string}\"},\"query-input\":{\"@type\":\"PropertyValueSpecification\",\"valueRequired\":true,\"valueName\":\"search_term_string\"}}],\"inLanguage\":\"sv-SE\"},{\"@type\":\"Person\",\"@id\":\"http:\\\/\\\/kiube.se\\\/x052\\\/#\\\/schema\\\/person\\\/323c6c5c4020c0c860aa2bfa789bbf64\",\"name\":\"Lars privat\",\"image\":{\"@type\":\"ImageObject\",\"inLanguage\":\"sv-SE\",\"@id\":\"https:\\\/\\\/secure.gravatar.com\\\/avatar\\\/2583e557351f4211af4c3a5ad7f85f48cb4bf93e1b9d77aec0542a54d5d4952e?s=96&d=mm&r=g\",\"url\":\"https:\\\/\\\/secure.gravatar.com\\\/avatar\\\/2583e557351f4211af4c3a5ad7f85f48cb4bf93e1b9d77aec0542a54d5d4952e?s=96&d=mm&r=g\",\"contentUrl\":\"https:\\\/\\\/secure.gravatar.com\\\/avatar\\\/2583e557351f4211af4c3a5ad7f85f48cb4bf93e1b9d77aec0542a54d5d4952e?s=96&d=mm&r=g\",\"caption\":\"Lars privat\"},\"description\":\"To change the world is hard, d\u00e4rf\u00f6r har jag tagit p\u00e5 en lite mindre utmaning n\u00e4mligen att skapa ett habitat, en plats med tolerans mot umbiuity, en plats att m\u00f6tas, l\u00e4ra och inspirera varandra.\",\"sameAs\":[\"http:\\\/\\\/www.facebook.com\\\/profile.php?id=660989027\"],\"url\":\"http:\\\/\\\/kiube.se\\\/x052\\\/author\\\/jido\\\/\"}]}<\/script>\n<!-- \/ Yoast SEO plugin. -->","yoast_head_json":{"title":"Hus i Harvestad - Husboken Bj\u00f6rkv\u00e4gen 3","robots":{"index":"index","follow":"follow","max-snippet":"max-snippet:-1","max-image-preview":"max-image-preview:large","max-video-preview":"max-video-preview:-1"},"canonical":"http:\/\/kiube.se\/x052\/659\/","og_locale":"sv_SE","og_type":"article","og_title":"Hus i Harvestad - Husboken Bj\u00f6rkv\u00e4gen 3","og_description":"Vi har nu f\u00e5tt energiber\u00e4kningarna f\u00f6r Harvestadshusen och kan gl\u00e4djande konstatera att de kommer att \u201ddra\u201d v\u00e4ldigt lite energi. Ber\u00e4kningarna s\u00e4ger f\u00f6ljande: Hustyp A, 152,6 kvm: 5,4 kWh\/kvm\/\u00e5r = c:a 831 kWh\/\u00e5r. Hustyp B, 180,8 kvm: 8,9 kWh\/kvm\/\u00e5r = c:a 1.605 kWh\/\u00e5r. Hustyp C, 233,1 kvm: 18,7 kWh\/kvm\/\u00e5r = c:a 4.355 kWh\/\u00e5r. Hustyp D, 183,9 ... L\u00e4s mer","og_url":"http:\/\/kiube.se\/x052\/659\/","og_site_name":"Husboken Bj\u00f6rkv\u00e4gen 3","article_published_time":"2014-06-01T10:04:02+00:00","article_modified_time":"2014-06-01T10:16:15+00:00","og_image":[{"width":616,"height":345,"url":"https:\/\/i0.wp.com\/s3.eu-north-1.amazonaws.com\/kiube.se\/wp-content\/uploads\/sites\/7\/2014\/06\/26153600\/2014-06-01-11.43.08-am.png?fit=616%2C345","type":"image\/png"}],"author":"Lars privat","twitter_card":"summary_large_image","twitter_misc":{"Skriven av":"Lars privat","Ber\u00e4knad l\u00e4stid":"1 minut"},"schema":{"@context":"https:\/\/schema.org","@graph":[{"@type":"Article","@id":"http:\/\/kiube.se\/x052\/659\/#article","isPartOf":{"@id":"http:\/\/kiube.se\/x052\/659\/"},"author":{"name":"Lars privat","@id":"http:\/\/kiube.se\/x052\/#\/schema\/person\/323c6c5c4020c0c860aa2bfa789bbf64"},"headline":"Hus i Harvestad","datePublished":"2014-06-01T10:04:02+00:00","dateModified":"2014-06-01T10:16:15+00:00","mainEntityOfPage":{"@id":"http:\/\/kiube.se\/x052\/659\/"},"wordCount":213,"commentCount":0,"image":{"@id":"http:\/\/kiube.se\/x052\/659\/#primaryimage"},"thumbnailUrl":"https:\/\/i0.wp.com\/s3.eu-north-1.amazonaws.com\/kiube.se\/wp-content\/uploads\/sites\/7\/2014\/06\/26153600\/2014-06-01-11.43.08-am.png?fit=616%2C345","keywords":["passivhus","solenergi"],"articleSection":["Energi"],"inLanguage":"sv-SE","potentialAction":[{"@type":"CommentAction","name":"Comment","target":["http:\/\/kiube.se\/x052\/659\/#respond"]}]},{"@type":"WebPage","@id":"http:\/\/kiube.se\/x052\/659\/","url":"http:\/\/kiube.se\/x052\/659\/","name":"Hus i Harvestad - Husboken Bj\u00f6rkv\u00e4gen 3","isPartOf":{"@id":"http:\/\/kiube.se\/x052\/#website"},"primaryImageOfPage":{"@id":"http:\/\/kiube.se\/x052\/659\/#primaryimage"},"image":{"@id":"http:\/\/kiube.se\/x052\/659\/#primaryimage"},"thumbnailUrl":"https:\/\/i0.wp.com\/s3.eu-north-1.amazonaws.com\/kiube.se\/wp-content\/uploads\/sites\/7\/2014\/06\/26153600\/2014-06-01-11.43.08-am.png?fit=616%2C345","datePublished":"2014-06-01T10:04:02+00:00","dateModified":"2014-06-01T10:16:15+00:00","author":{"@id":"http:\/\/kiube.se\/x052\/#\/schema\/person\/323c6c5c4020c0c860aa2bfa789bbf64"},"breadcrumb":{"@id":"http:\/\/kiube.se\/x052\/659\/#breadcrumb"},"inLanguage":"sv-SE","potentialAction":[{"@type":"ReadAction","target":["http:\/\/kiube.se\/x052\/659\/"]}]},{"@type":"ImageObject","inLanguage":"sv-SE","@id":"http:\/\/kiube.se\/x052\/659\/#primaryimage","url":"https:\/\/i0.wp.com\/s3.eu-north-1.amazonaws.com\/kiube.se\/wp-content\/uploads\/sites\/7\/2014\/06\/26153600\/2014-06-01-11.43.08-am.png?fit=616%2C345","contentUrl":"https:\/\/i0.wp.com\/s3.eu-north-1.amazonaws.com\/kiube.se\/wp-content\/uploads\/sites\/7\/2014\/06\/26153600\/2014-06-01-11.43.08-am.png?fit=616%2C345","width":616,"height":345},{"@type":"BreadcrumbList","@id":"http:\/\/kiube.se\/x052\/659\/#breadcrumb","itemListElement":[{"@type":"ListItem","position":1,"name":"Hem","item":"http:\/\/kiube.se\/x052\/"},{"@type":"ListItem","position":2,"name":"Hus i Harvestad"}]},{"@type":"WebSite","@id":"http:\/\/kiube.se\/x052\/#website","url":"http:\/\/kiube.se\/x052\/","name":"Husboken Bj\u00f6rkv\u00e4gen 3","description":"Min support","potentialAction":[{"@type":"SearchAction","target":{"@type":"EntryPoint","urlTemplate":"http:\/\/kiube.se\/x052\/?s={search_term_string}"},"query-input":{"@type":"PropertyValueSpecification","valueRequired":true,"valueName":"search_term_string"}}],"inLanguage":"sv-SE"},{"@type":"Person","@id":"http:\/\/kiube.se\/x052\/#\/schema\/person\/323c6c5c4020c0c860aa2bfa789bbf64","name":"Lars privat","image":{"@type":"ImageObject","inLanguage":"sv-SE","@id":"https:\/\/secure.gravatar.com\/avatar\/2583e557351f4211af4c3a5ad7f85f48cb4bf93e1b9d77aec0542a54d5d4952e?s=96&d=mm&r=g","url":"https:\/\/secure.gravatar.com\/avatar\/2583e557351f4211af4c3a5ad7f85f48cb4bf93e1b9d77aec0542a54d5d4952e?s=96&d=mm&r=g","contentUrl":"https:\/\/secure.gravatar.com\/avatar\/2583e557351f4211af4c3a5ad7f85f48cb4bf93e1b9d77aec0542a54d5d4952e?s=96&d=mm&r=g","caption":"Lars privat"},"description":"To change the world is hard, d\u00e4rf\u00f6r har jag tagit p\u00e5 en lite mindre utmaning n\u00e4mligen att skapa ett habitat, en plats med tolerans mot umbiuity, en plats att m\u00f6tas, l\u00e4ra och inspirera varandra.","sameAs":["http:\/\/www.facebook.com\/profile.php?id=660989027"],"url":"http:\/\/kiube.se\/x052\/author\/jido\/"}]}},"jetpack_featured_media_url":"https:\/\/i0.wp.com\/s3.eu-north-1.amazonaws.com\/kiube.se\/wp-content\/uploads\/sites\/7\/2014\/06\/26153600\/2014-06-01-11.43.08-am.png?fit=616%2C345","jetpack_shortlink":"https:\/\/wp.me\/s1Gn8d-659","jetpack-related-posts":[],"_links":{"self":[{"href":"http:\/\/kiube.se\/x052\/wp-json\/wp\/v2\/posts\/659","targetHints":{"allow":["GET"]}}],"collection":[{"href":"http:\/\/kiube.se\/x052\/wp-json\/wp\/v2\/posts"}],"about":[{"href":"http:\/\/kiube.se\/x052\/wp-json\/wp\/v2\/types\/post"}],"author":[{"embeddable":true,"href":"http:\/\/kiube.se\/x052\/wp-json\/wp\/v2\/users\/1"}],"replies":[{"embeddable":true,"href":"http:\/\/kiube.se\/x052\/wp-json\/wp\/v2\/comments?post=659"}],"version-history":[{"count":0,"href":"http:\/\/kiube.se\/x052\/wp-json\/wp\/v2\/posts\/659\/revisions"}],"wp:featuredmedia":[{"embeddable":true,"href":"http:\/\/kiube.se\/x052\/wp-json\/wp\/v2\/media\/661"}],"wp:attachment":[{"href":"http:\/\/kiube.se\/x052\/wp-json\/wp\/v2\/media?parent=659"}],"wp:term":[{"taxonomy":"category","embeddable":true,"href":"http:\/\/kiube.se\/x052\/wp-json\/wp\/v2\/categories?post=659"},{"taxonomy":"post_tag","embeddable":true,"href":"http:\/\/kiube.se\/x052\/wp-json\/wp\/v2\/tags?post=659"}],"curies":[{"name":"wp","href":"https:\/\/api.w.org\/{rel}","templated":true}]}}